{"id":189,"date":"2015-08-31T06:31:55","date_gmt":"2015-08-31T03:31:55","guid":{"rendered":"http:\/\/www.lowrider.fi\/?p=189"},"modified":"2015-09-22T07:05:55","modified_gmt":"2015-09-22T04:05:55","slug":"lowrider-fi-hifi-tuning-show-2015-oulu-finland","status":"publish","type":"post","link":"https:\/\/www.lowrider.fi\/?p=189","title":{"rendered":"Lowrider-fi @ Hifi &#038; Tuning Show 2015 Oulu Finland"},"content":{"rendered":"<p>Hifi\u00a0 &amp; Tuning Show 2015:<\/p>\n<p><a href=\"https:\/\/www.lowrider.fi\/wp-content\/uploads\/2015\/08\/Juhis-H\u00f6tsi-2015-810.jpg\"><img loading=\"lazy\" decoding=\"async\" class=\"alignnone size-full wp-image-194\" src=\"https:\/\/www.lowrider.fi\/wp-content\/uploads\/2015\/08\/Juhis-H\u00f6tsi-2015-810.jpg\" alt=\"Juhis H\u00f6tsi 2015 810\" width=\"1600\" height=\"1600\" srcset=\"https:\/\/www.lowrider.fi\/wp-content\/uploads\/2015\/08\/Juhis-H\u00f6tsi-2015-810.jpg 1600w, https:\/\/www.lowrider.fi\/wp-content\/uploads\/2015\/08\/Juhis-H\u00f6tsi-2015-810-150x150.jpg 150w, https:\/\/www.lowrider.fi\/wp-content\/uploads\/2015\/08\/Juhis-H\u00f6tsi-2015-810-300x300.jpg 300w, https:\/\/www.lowrider.fi\/wp-content\/uploads\/2015\/08\/Juhis-H\u00f6tsi-2015-810-1024x1024.jpg 1024w\" sizes=\"auto, (max-width: 1600px) 100vw, 1600px\" \/><\/a><\/p>\n<p>Lowrider.fi porukka osallistui H\u00f6tsi 2015 tapahtumaan, joka j\u00e4rjestetiin 12. &#8211; 13.09.2015 Oulussa. Meill\u00e4 oli tapahtumassa oma nelj\u00e4n auton osasto. Esill\u00e4 osastolla olivat turboahdettu BMW E36 Cabriolet, remmiahdettu BMW E39 M5, ilmajousitettu Chevrolet C1500 Silverado ja korotettu Chevrolet 2500HD Silverado. Toivottavasti pidit autoistamme! \ud83d\ude42<\/p>\n<p><a href=\"https:\/\/www.lowrider.fi\/wp-content\/uploads\/2015\/08\/FB_IMG_1442848620919.jpg\"><img loading=\"lazy\" decoding=\"async\" class=\"alignnone size-full wp-image-198\" src=\"https:\/\/www.lowrider.fi\/wp-content\/uploads\/2015\/08\/FB_IMG_1442848620919.jpg\" alt=\"FB_IMG_1442848620919\" width=\"960\" height=\"540\" srcset=\"https:\/\/www.lowrider.fi\/wp-content\/uploads\/2015\/08\/FB_IMG_1442848620919.jpg 960w, https:\/\/www.lowrider.fi\/wp-content\/uploads\/2015\/08\/FB_IMG_1442848620919-300x169.jpg 300w\" sizes=\"auto, (max-width: 960px) 100vw, 960px\" \/><\/a><\/p>\n","protected":false},"excerpt":{"rendered":"<p>Hifi\u00a0 &amp; Tuning Show 2015: Lowrider.fi porukka osallistui H\u00f6tsi 2015 tapahtumaan, joka j\u00e4rjestetiin 12. &#8211; 13.09.2015 Oulussa. Meill\u00e4 oli tapahtumassa oma nelj\u00e4n auton osasto. Esill\u00e4 osastolla olivat turboahdettu BMW E36 Cabriolet, remmiahdettu BMW E39 M5, ilmajousitettu Chevrolet C1500 Silverado ja korotettu Chevrolet 2500HD Silverado. Toivottavasti pidit autoistamme! \ud83d\ude42<\/p>\n","protected":false},"author":2,"featured_media":0,"comment_status":"open","ping_status":"open","sticky":false,"template":"","format":"standard","meta":{"footnotes":""},"categories":[1],"tags":[],"class_list":["post-189","post","type-post","status-publish","format-standard","hentry","category-yleinen"],"_links":{"self":[{"href":"https:\/\/www.lowrider.fi\/index.php?rest_route=\/wp\/v2\/posts\/189","targetHints":{"allow":["GET"]}}],"collection":[{"href":"https:\/\/www.lowrider.fi\/index.php?rest_route=\/wp\/v2\/posts"}],"about":[{"href":"https:\/\/www.lowrider.fi\/index.php?rest_route=\/wp\/v2\/types\/post"}],"author":[{"embeddable":true,"href":"https:\/\/www.lowrider.fi\/index.php?rest_route=\/wp\/v2\/users\/2"}],"replies":[{"embeddable":true,"href":"https:\/\/www.lowrider.fi\/index.php?rest_route=%2Fwp%2Fv2%2Fcomments&post=189"}],"version-history":[{"count":5,"href":"https:\/\/www.lowrider.fi\/index.php?rest_route=\/wp\/v2\/posts\/189\/revisions"}],"predecessor-version":[{"id":199,"href":"https:\/\/www.lowrider.fi\/index.php?rest_route=\/wp\/v2\/posts\/189\/revisions\/199"}],"wp:attachment":[{"href":"https:\/\/www.lowrider.fi\/index.php?rest_route=%2Fwp%2Fv2%2Fmedia&parent=189"}],"wp:term":[{"taxonomy":"category","embeddable":true,"href":"https:\/\/www.lowrider.fi\/index.php?rest_route=%2Fwp%2Fv2%2Fcategories&post=189"},{"taxonomy":"post_tag","embeddable":true,"href":"https:\/\/www.lowrider.fi\/index.php?rest_route=%2Fwp%2Fv2%2Ftags&post=189"}],"curies":[{"name":"wp","href":"https:\/\/api.w.org\/{rel}","templated":true}]}}